{"id":111,"date":"2015-12-22T08:52:27","date_gmt":"2015-12-22T07:52:27","guid":{"rendered":"http:\/\/www.radiocona.si\/slo\/?p=111"},"modified":"2015-12-22T08:52:27","modified_gmt":"2015-12-22T07:52:27","slug":"poziv-za-nova-zvocna-in-radijska-dela","status":"publish","type":"post","link":"https:\/\/www.radiocona.si\/slo\/2015\/12\/22\/poziv-za-nova-zvocna-in-radijska-dela\/","title":{"rendered":"Poziv za nova zvo\u010dna in radijska dela!"},"content":{"rendered":"<p><a href=\"http:\/\/www.radiocona.si\/slo\/wp-content\/uploads\/sites\/3\/2015\/12\/OldTimeRadio1.jpg\"><img decoding=\"async\" loading=\"lazy\" class=\"alignleft size-thumbnail wp-image-112\" src=\"http:\/\/www.radiocona.si\/slo\/wp-content\/uploads\/sites\/3\/2015\/12\/OldTimeRadio1-150x150.jpg\" alt=\"_OldTimeRadio1\" width=\"150\" height=\"150\" srcset=\"https:\/\/www.radiocona.si\/slo\/wp-content\/uploads\/sites\/3\/2015\/12\/OldTimeRadio1-150x150.jpg 150w, https:\/\/www.radiocona.si\/slo\/wp-content\/uploads\/sites\/3\/2015\/12\/OldTimeRadio1-300x300.jpg 300w, https:\/\/www.radiocona.si\/slo\/wp-content\/uploads\/sites\/3\/2015\/12\/OldTimeRadio1.jpg 327w\" sizes=\"(max-width: 150px) 100vw, 150px\" \/><\/a>Vabimo ustvarjalce, ki \u017eelijo ustvariti in nadgraditi svoja zvo\u010dna \/ radijska dela v dialogu z mentorjem. Izbrana in realizirana dela, bodo uvr\u0161\u010dena in premierno predvajana na FM razstavi radioCona* februarja 2016. Izbrali bomo \u0161est osnutkov del avtorjev, ki delujejo v Sloveniji. Dela bodo honorirana.<\/p>\n<p>FM razstava radioCona, na 88.8MHz in spletu bo v letu 2016 pod vplivi prestopnega leta.<\/p>\n<p><!--more--><\/p>\n<p>tema: narava in \u010das kot fizikalna, biolo\u0161ka, ekolo\u0161ka ali filozofska razse\u017enost<br \/>\ndol\u017eina: neomejena<br \/>\nrok oddaje osnutka: 20. januar 2016<br \/>\n\u010das dialoga, mentorstva in dodelava: 25. januar \u2013 15. februar 2016<br \/>\nmentorja: Anna Friz in Brane Zorman<\/p>\n<p>Poslana dela naj imajo opredeljeno: avtor, naslov, (predvideno) trajanje, demo osnutek (mp3) s kraj\u0161im opisom dela, ter kratka predstavitev avtorja. Vse dodatne informacije in kontakt za po\u0161iljanje del: cona@cona.si<\/p>\n<p>mentorja:<br \/>\n<a href=\"http:\/\/nicelittlestatic.com\/\">http:\/\/nicelittlestatic.com\/<\/a><br \/>\n<a href=\"http:\/\/www.branezorman.si\/\">http:\/\/www.branezorman.si\/<\/a><\/p>\n<p>* radioCona ne predvaja glasbenih del, ki po zakonu o avtorskih pravica pripadajo podro\u010dju kolektivnega zastopanja, ali dela avtorjev, \u010dlanov kolektivne organizacije.<\/p>\n","protected":false},"excerpt":{"rendered":"<p>Vabimo ustvarjalce, ki \u017eelijo ustvariti in nadgraditi svoja zvo\u010dna \/ radijska dela v dialogu z mentorjem. Izbrana in realizirana dela, bodo uvr\u0161\u010dena in premierno predvajana na FM razstavi radioCona* februarja 2016. Izbrali bomo \u0161est osnutkov del avtorjev, ki delujejo v Sloveniji. Dela bodo honorirana. FM razstava radioCona, na 88.8MHz in spletu bo v letu 2016 [&hellip;]<\/p>\n","protected":false},"author":3,"featured_media":0,"comment_status":"closed","ping_status":"closed","sticky":false,"template":"","format":"standard","meta":{"_mi_skip_tracking":false,"_monsterinsights_sitenote_active":false,"_monsterinsights_sitenote_note":"","_monsterinsights_sitenote_category":0},"categories":[1],"tags":[],"_links":{"self":[{"href":"https:\/\/www.radiocona.si\/slo\/wp-json\/wp\/v2\/posts\/111"}],"collection":[{"href":"https:\/\/www.radiocona.si\/slo\/wp-json\/wp\/v2\/posts"}],"about":[{"href":"https:\/\/www.radiocona.si\/slo\/wp-json\/wp\/v2\/types\/post"}],"author":[{"embeddable":true,"href":"https:\/\/www.radiocona.si\/slo\/wp-json\/wp\/v2\/users\/3"}],"replies":[{"embeddable":true,"href":"https:\/\/www.radiocona.si\/slo\/wp-json\/wp\/v2\/comments?post=111"}],"version-history":[{"count":3,"href":"https:\/\/www.radiocona.si\/slo\/wp-json\/wp\/v2\/posts\/111\/revisions"}],"predecessor-version":[{"id":115,"href":"https:\/\/www.radiocona.si\/slo\/wp-json\/wp\/v2\/posts\/111\/revisions\/115"}],"wp:attachment":[{"href":"https:\/\/www.radiocona.si\/slo\/wp-json\/wp\/v2\/media?parent=111"}],"wp:term":[{"taxonomy":"category","embeddable":true,"href":"https:\/\/www.radiocona.si\/slo\/wp-json\/wp\/v2\/categories?post=111"},{"taxonomy":"post_tag","embeddable":true,"href":"https:\/\/www.radiocona.si\/slo\/wp-json\/wp\/v2\/tags?post=111"}],"curies":[{"name":"wp","href":"https:\/\/api.w.org\/{rel}","templated":true}]}}