{"id":132,"date":"2016-02-10T13:11:14","date_gmt":"2016-02-10T12:11:14","guid":{"rendered":"http:\/\/www.radiocona.si\/slo\/?p=132"},"modified":"2016-06-06T08:56:05","modified_gmt":"2016-06-06T06:56:05","slug":"nova-edicija_radiocone0-2425","status":"publish","type":"post","link":"https:\/\/www.radiocona.si\/slo\/2016\/02\/10\/nova-edicija_radiocone0-2425\/","title":{"rendered":"FM razstava radioCona:0.2425"},"content":{"rendered":"<p><img decoding=\"async\" loading=\"lazy\" class=\"alignleft size-thumbnail wp-image-7004\" src=\"http:\/\/www.radiocona.si\/wp-content\/uploads\/2016\/02\/bohinj-modra_2_mala-150x150.jpg\" alt=\"bohinj-modra_2_mala\" width=\"150\" height=\"150\" \/>28. 2. &#8211; 3.3. 2016<br \/>\nvsako no\u010d, ob pri\u010detku nauti\u010dnega mraka (ob 18.16)<br \/>\n<strong>FM 88.8MHz<\/strong>\u00a0in\u00a0povezava na spletni prenos: <div style=\"color:red;font-weight:bold;\">Error occurred when trying to fetch the file using wp_safe_remote_get(). Ni bil vnesen veljaven URL.<\/div><\/p>\n<p>Ve\u010d o FM razstavi <em><strong><a href=\"http:\/\/www.radiocona.si\/slo\/radiocona0-2425\/\">radioCona:0.2425<\/a><\/strong><\/em><br \/>\nprogram oddajanja (<strong><a href=\"http:\/\/goo.gl\/Yma8QR\">pdf<\/a><\/strong>)<br \/>\n<strong>Izpostavljamo<\/strong>: <a href=\"http:\/\/www.radiocona.si\/slo\/radiocona0-2425-izbor-irena-pivka-jasmina-zaloznik-brane-zorman\/\">premirena dela slovenskih umetnikov<\/a>\u00a0in sound event\u00a0<a href=\"http:\/\/www.cona.si\/francisco-lopez-sound-event\/\">Francisco Lopez<\/a>.<\/p>\n<p>program \u010detrtek (<strong><a href=\"http:\/\/www.radiocona.si\/wp-content\/uploads\/2016\/02\/radioCona-c\u030cetrtek.pdf\">pdf<\/a><\/strong>)<br \/>\nprogram sreda (<strong><a href=\"http:\/\/www.radiocona.si\/wp-content\/uploads\/2016\/02\/radioCona-sreda.pdf\">pdf<\/a><\/strong>)<br \/>\nprogram torek (<strong><a href=\"http:\/\/www.radiocona.si\/wp-content\/uploads\/2016\/02\/radioCona-torek.pdf\">pdf<\/a><\/strong>)<br \/>\nprogram ponedeljek (<strong><a href=\"http:\/\/www.radiocona.si\/wp-content\/uploads\/2016\/02\/radioCona_ponedeljek-1.pdf\">pdf<\/a><\/strong>)<br \/>\nprogram nedelja (<strong><a href=\"http:\/\/www.radiocona.si\/wp-content\/uploads\/2016\/02\/radioCona-program-ponedeljek.pdf\">pdf<\/a><\/strong>)<\/p>\n<p><strong>Umetniki<\/strong>: Agapea, Miha Erman, Andra\u017e Magajna, Simon Macuh, Kaja Kraner \/ Alja Lobnik \/ Katja Kosi, OR poiesis (alias Petra Kap\u0161), Jan Turk \/ Marko Batista, Samo Kutin, Bo\u0161tjan Perov\u0161ek, Irena Pivka, Miha Tom\u0161i\u010d \/ Borut Savski \/ Franc Cegnar, Zvonka T Sim\u010di\u010d \/ Bogdana Herman \/ Silvana Paleti, Du\u0161an Zidar, Brane Zorman, Mauricio Vald\u00e9s Emeterio, Gilles Aubry, Justin\u00a0Bennett, Colin Black, Christopher DeLaurenti, Chantal Dumas, Louis Dufort, Simohammed Fettaka, Anna Friz, Miguel A. Garc\u00eda,Asmus Tietchens, Georg Klein, Eric LaCasa, Eric Leonardson, Francisco Lopez, Jay Needham, Novi_sad, Emeka Ogboh, Lee Patterson, Anna Raimondo, Pablo Reche, katrinem, \u00a0Suk-Jun Kim, Jacob Kirkegaard, Raed Yassin, WR.<\/p>\n<p><strong>Izbori kuratorjev:<\/strong><br \/>\n<a href=\"http:\/\/www.radiocona.si\/slo\/radiocona0-2425-izborelena-biserna\/\">Elena Biserna<\/a><br \/>\n<a href=\"http:\/\/www.radiocona.si\/slo\/radiocona0-2425-izbor-eric-leonardson\/\">Eric Leonardson<\/a><br \/>\n<a href=\"http:\/\/www.radiocona.si\/slo\/radiocona0-2425-izbor-francisco-lopez\/\">Francisco Lopez<\/a><br \/>\n<a href=\"http:\/\/www.radiocona.si\/slo\/radiocona0-2425-izbor-irena-pivka-jasmina-zaloznik-brane-zorman\/\">Irena Pivka, Jasmina Zalo\u017enik,\u00a0Brane Zorman<\/a><\/p>\n<p><a href=\"http:\/\/www.radiocona.si\/slo\/2016\/02\/10\/nova-edicija_radiocone0-2425\/image-08\/\" rel=\"attachment wp-att-220\"><img decoding=\"async\" loading=\"lazy\" class=\"alignleft size-thumbnail wp-image-220\" src=\"http:\/\/www.radiocona.si\/slo\/wp-content\/uploads\/sites\/3\/2016\/02\/image-08-150x150.jpg\" alt=\"image-08\" width=\"150\" height=\"150\" \/><\/a><\/p>\n<p>Dogodki <strong><em>radioCona: 0.2425 <\/em><\/strong>na lokacijah:<\/p>\n<p>Nedelja, 28. februar, zvo\u010dna sprehoda<br \/>\nPark Tivoli, pred Mednarodnim grafi\u010dnim likovnim centrom<br \/>\n17.00 Simon Macuh: <em><a href=\"https:\/\/www.facebook.com\/sprehodi\/timeline\">Sprehodi za \u010duje\u010dnost <\/a><\/em><br \/>\n18.16 Irena Pivka\/Brane Zorman: <em><a href=\"http:\/\/www.cona.si\/slo\/field-frequency-flux\/\">Field Frequency Flux<\/a><\/em><\/p>\n<p>&nbsp;<\/p>\n<p><a href=\"http:\/\/www.radiocona.si\/slo\/2016\/02\/10\/nova-edicija_radiocone0-2425\/lopez2008-4-big-copy_kontrast_kvadrat\/\" rel=\"attachment wp-att-221\"><img decoding=\"async\" loading=\"lazy\" class=\"alignleft size-thumbnail wp-image-221\" src=\"http:\/\/www.radiocona.si\/slo\/wp-content\/uploads\/sites\/3\/2016\/02\/lopez2008-4-BIG-copy_kontrast_kvadrat-150x150.jpg\" alt=\"lopez2008-4 (BIG) copy_kontrast_kvadrat\" width=\"150\" height=\"150\" srcset=\"https:\/\/www.radiocona.si\/slo\/wp-content\/uploads\/sites\/3\/2016\/02\/lopez2008-4-BIG-copy_kontrast_kvadrat-150x150.jpg 150w, https:\/\/www.radiocona.si\/slo\/wp-content\/uploads\/sites\/3\/2016\/02\/lopez2008-4-BIG-copy_kontrast_kvadrat-300x297.jpg 300w, https:\/\/www.radiocona.si\/slo\/wp-content\/uploads\/sites\/3\/2016\/02\/lopez2008-4-BIG-copy_kontrast_kvadrat.jpg 591w\" sizes=\"(max-width: 150px) 100vw, 150px\" \/><\/a>Ponedeljek, 29. februar ob 20.00,\u00a0zvo\u010dni dogodek<br \/>\nKino \u0160i\u0161ka,\u00a0<strong><a href=\"http:\/\/www.cona.si\/slo\/francisco-lopez-zvocni-dogodek\/\">Francisco Lopez<\/a><\/strong><\/p>\n<p>Sreda, 2. marec, ob 14.30,<br \/>\nAkademija za glasbo, Stari trg 22, Ljubljana<br \/>\nFrancisco Lopez<strong>,<\/strong> predavanje<\/p>\n","protected":false},"excerpt":{"rendered":"<p>28. 2. &#8211; 3.3. 2016 vsako no\u010d, ob pri\u010detku nauti\u010dnega mraka (ob 18.16) FM 88.8MHz\u00a0in\u00a0povezava na spletni prenos: Ve\u010d o FM razstavi radioCona:0.2425 program oddajanja (pdf) Izpostavljamo: premirena dela slovenskih umetnikov\u00a0in sound event\u00a0Francisco Lopez. program \u010detrtek (pdf) program sreda (pdf) program torek (pdf) program ponedeljek (pdf) program nedelja (pdf) Umetniki: Agapea, Miha Erman, Andra\u017e Magajna, [&hellip;]<\/p>\n","protected":false},"author":3,"featured_media":0,"comment_status":"closed","ping_status":"closed","sticky":false,"template":"","format":"standard","meta":{"_mi_skip_tracking":false,"_monsterinsights_sitenote_active":false,"_monsterinsights_sitenote_note":"","_monsterinsights_sitenote_category":0},"categories":[4],"tags":[5],"_links":{"self":[{"href":"https:\/\/www.radiocona.si\/slo\/wp-json\/wp\/v2\/posts\/132"}],"collection":[{"href":"https:\/\/www.radiocona.si\/slo\/wp-json\/wp\/v2\/posts"}],"about":[{"href":"https:\/\/www.radiocona.si\/slo\/wp-json\/wp\/v2\/types\/post"}],"author":[{"embeddable":true,"href":"https:\/\/www.radiocona.si\/slo\/wp-json\/wp\/v2\/users\/3"}],"replies":[{"embeddable":true,"href":"https:\/\/www.radiocona.si\/slo\/wp-json\/wp\/v2\/comments?post=132"}],"version-history":[{"count":41,"href":"https:\/\/www.radiocona.si\/slo\/wp-json\/wp\/v2\/posts\/132\/revisions"}],"predecessor-version":[{"id":310,"href":"https:\/\/www.radiocona.si\/slo\/wp-json\/wp\/v2\/posts\/132\/revisions\/310"}],"wp:attachment":[{"href":"https:\/\/www.radiocona.si\/slo\/wp-json\/wp\/v2\/media?parent=132"}],"wp:term":[{"taxonomy":"category","embeddable":true,"href":"https:\/\/www.radiocona.si\/slo\/wp-json\/wp\/v2\/categories?post=132"},{"taxonomy":"post_tag","embeddable":true,"href":"https:\/\/www.radiocona.si\/slo\/wp-json\/wp\/v2\/tags?post=132"}],"curies":[{"name":"wp","href":"https:\/\/api.w.org\/{rel}","templated":true}]}}