{"id":265,"date":"2016-04-14T08:29:51","date_gmt":"2016-04-14T06:29:51","guid":{"rendered":"http:\/\/www.radiocona.si\/slo\/?p=265"},"modified":"2016-04-30T08:26:10","modified_gmt":"2016-04-30T06:26:10","slug":"radiocona-soundcamp","status":"publish","type":"post","link":"https:\/\/www.radiocona.si\/slo\/2016\/04\/14\/radiocona-soundcamp\/","title":{"rendered":"radioCona:soundcamp"},"content":{"rendered":"<p><a href=\"http:\/\/www.radiocona.si\/slo\/2016\/04\/14\/radiocona-soundcamp\/\" rel=\"attachment wp-att-267\"><img decoding=\"async\" loading=\"lazy\" class=\"alignleft size-thumbnail wp-image-267\" src=\"http:\/\/www.radiocona.si\/slo\/wp-content\/uploads\/sites\/3\/2016\/04\/soundtent_2015_edit_30pc-150x150.png\" alt=\"soundtent_2015_edit_30pc\" width=\"150\" height=\"150\" \/><\/a>spletni performans in in-situ dogodki<br \/>\nsobota, 30. april ob 16.00 \u2013 nedelja, 1. maj, 2016 do 7.00<br \/>\n<a href=\"http:\/\/soundtent.org\/\">Reveil<\/a>,\u00a0<a href=\"http:\/\/www.radiocona.si\">radioCona<\/a>\u00a0in <a href=\"http:\/\/www.botanicni-vrt.si\/\">Rastlinjak Tivoli<\/a>, Ljubljana<\/p>\n<p><strong><a href=\"http:\/\/comm.free103point9.org:8000\/reveil.mp3\" target=\"_blank\">spletno poslu\u0161anje<\/a><\/strong>\u00a0od 5.00, sobota 30.4. d0 6.00, nedelja 1.5. (UTC+1)<\/p>\n<p>radioCona se tretje leto zapored pridru\u017euje projektu\u00a0<em><a href=\"http:\/\/soundtent.org\/\">Reveil<\/a><\/em>, ki zvezno od mikrofona do mikrofona, v celo-dnevnem oddajanju ob jutranjem svitu potuje po zemeljski obli.\u00a0<em>Reveil <\/em>je 24-urno spletno mre\u017eno oddajane zvokov jutranjega svita v \u017eivo, ki sovpada z International Dawn Chorus Day. Oddajanje se pri\u010dne v bli\u017eini prvega meridiana (Greenwich) v soboto 30. aprila ob 5.00 (GMT+1)\u00a0in kon\u010da na istem mestu v nedeljo 1. maja.<br \/>\nradioCona soundcamp pripravljajo\u00a0Irena Pivka, Simon Macuh, Brane Zorman.<br \/>\n<a href=\"http:\/\/www.soundtent.org\/2015\/streams\/streams_2015_UTC+1_cona.html\">Arhivski posnetek KSEVT, Vitanje, 2015<\/a><\/p>\n<p><a href=\"http:\/\/www.radiocona.si\/slo\/2016\/04\/14\/radiocona-soundcamp\/\" rel=\"attachment wp-att-266\"><img decoding=\"async\" loading=\"lazy\" class=\"alignleft size-thumbnail wp-image-266\" src=\"http:\/\/www.radiocona.si\/slo\/wp-content\/uploads\/sites\/3\/2016\/04\/SOUNDCAMP-sotor_brez-napisa-150x150.jpg\" alt=\"SOUNDCAMP sotor_brez napisa\" width=\"150\" height=\"150\" \/><\/a>program:<br \/>\n16.00 \u2013 23.00<em> radioCona:soundcamp <\/em>poslu\u0161alnica<br \/>\n16.30 \u2013 23.00 <em>knji\u017enica zvo\u010dnih del avtorjev<\/em>:\u00a0Agapea, Andra\u017e Magajna,\u00a0OR poiesis (alias Petra Kap\u0161), Jan Turk \/ Marko Batista, Robertina \u0160ebjani\u010d<br \/>\n19.30 Dare Fekonja: <em>sprehod in ve\u010derno poslu\u0161anje ptic v parku Tivoli, <\/em>v sodelovanju z\u00a0<a href=\"http:\/\/ptice.si\/\">Dru\u0161tvom za opazovanje in prou\u010devanje ptic Slovenije<\/a>, <a href=\"http:\/\/www.pms-lj.si\/si\/koledar\/2016\/04\/696-radioCona-soundcamp\">Prirodoslovnim muzejem Slovenije<\/a><br \/>\n21.15 Simon Macuh: <em>Sprehodi za \u010duje\u010dnost<\/em><br \/>\n5.48 Irena Pivka, Simon Macuh, Brane Zorman:\u00a0<em>radioCona spletno oddajanje<\/em><\/p>\n<p>&nbsp;<\/p>\n<p><!--more--><\/p>\n<p>radioCona bo svoj zvo\u010dni kamp postavila v Rastlinjaku Tivoli, Ljubljana, kjer boste ob dru\u017eenju in sprehodih lahko v \u017eivo poslu\u0161ali zvoke prebujanja na\u0161ega planeta.<\/p>\n<p>V spremljevalnem program se nam bo v soboto ob mraku pridru\u017eil Dare Fekonja iz Prirodoslovnega muzeja Slovenije in \u010dlan DOPS ter nas popeljal skozi park Tivoli. Predstavil bo ve\u010derne in no\u010dne zvoke ptic.<\/p>\n<p><strong>V nedeljo, ob 5.48 ob jutranjem svitu se bo radioCona s postavitvijo mikrofonov in senzorjev usmerjenih na razli\u010dne dele parka Tivoli, vklju\u010dila v svetovno mre\u017eno oddajanje Reveil.<\/strong><\/p>\n<p><em>radioCona: soundcamp<\/em> je del projekta\u00a0Soundcamp\/Reveil<br \/>\nProdukcija: CONA zavod za procesiranje sodobne umetnosti, 2016<br \/>\nPartnerji: Rastlinjak Tivoli Botani\u010dni vrt Univerze v Ljubljani, Dru\u0161tvo za opazovanje in prou\u010devanje ptic Slovenije, Prirodoslovni muzej Slovenije<br \/>\nMednarodna mre\u017ea partnejev: SoundCamp, Locus Sonus, Wave Farm\/WGXC-FM, Resonance, NAISA, Radius,\u00a0CONA,\u00a0CRiSAP.<br \/>\nProgram CONE sofinancira MOL kultura, posamezne projekte CONA sofinancira MK<br \/>\nFotografija Ky Levis<\/p>\n","protected":false},"excerpt":{"rendered":"<p>spletni performans in in-situ dogodki sobota, 30. april ob 16.00 \u2013 nedelja, 1. maj, 2016 do 7.00 Reveil,\u00a0radioCona\u00a0in Rastlinjak Tivoli, Ljubljana spletno poslu\u0161anje\u00a0od 5.00, sobota 30.4. d0 6.00, nedelja 1.5. (UTC+1) radioCona se tretje leto zapored pridru\u017euje projektu\u00a0Reveil, ki zvezno od mikrofona do mikrofona, v celo-dnevnem oddajanju ob jutranjem svitu potuje po zemeljski obli.\u00a0Reveil je [&hellip;]<\/p>\n","protected":false},"author":3,"featured_media":0,"comment_status":"closed","ping_status":"closed","sticky":false,"template":"","format":"standard","meta":{"_mi_skip_tracking":false,"_monsterinsights_sitenote_active":false,"_monsterinsights_sitenote_note":"","_monsterinsights_sitenote_category":0},"categories":[6],"tags":[],"_links":{"self":[{"href":"https:\/\/www.radiocona.si\/slo\/wp-json\/wp\/v2\/posts\/265"}],"collection":[{"href":"https:\/\/www.radiocona.si\/slo\/wp-json\/wp\/v2\/posts"}],"about":[{"href":"https:\/\/www.radiocona.si\/slo\/wp-json\/wp\/v2\/types\/post"}],"author":[{"embeddable":true,"href":"https:\/\/www.radiocona.si\/slo\/wp-json\/wp\/v2\/users\/3"}],"replies":[{"embeddable":true,"href":"https:\/\/www.radiocona.si\/slo\/wp-json\/wp\/v2\/comments?post=265"}],"version-history":[{"count":38,"href":"https:\/\/www.radiocona.si\/slo\/wp-json\/wp\/v2\/posts\/265\/revisions"}],"predecessor-version":[{"id":309,"href":"https:\/\/www.radiocona.si\/slo\/wp-json\/wp\/v2\/posts\/265\/revisions\/309"}],"wp:attachment":[{"href":"https:\/\/www.radiocona.si\/slo\/wp-json\/wp\/v2\/media?parent=265"}],"wp:term":[{"taxonomy":"category","embeddable":true,"href":"https:\/\/www.radiocona.si\/slo\/wp-json\/wp\/v2\/categories?post=265"},{"taxonomy":"post_tag","embeddable":true,"href":"https:\/\/www.radiocona.si\/slo\/wp-json\/wp\/v2\/tags?post=265"}],"curies":[{"name":"wp","href":"https:\/\/api.w.org\/{rel}","templated":true}]}}