{"id":29,"date":"2015-03-07T21:16:45","date_gmt":"2015-03-07T20:16:45","guid":{"rendered":"http:\/\/www.radiocona.si\/slo\/?p=29"},"modified":"2016-02-23T11:38:16","modified_gmt":"2016-02-23T10:38:16","slug":"radioconazimafm","status":"publish","type":"post","link":"https:\/\/www.radiocona.si\/slo\/2015\/03\/07\/radioconazimafm\/","title":{"rendered":"radioCona:ZimaFM"},"content":{"rendered":"<p><a href=\"http:\/\/www.radiocona.si\/archives\/6842\"><img decoding=\"async\" loading=\"lazy\" class=\"alignleft size-thumbnail wp-image-6843\" src=\"http:\/\/www.radiocona.si\/wp-content\/uploads\/2015\/01\/10933826_10205102253390085_1575179080074249213_n-150x150.jpg\" alt=\"radioCona:ZimaFM\" width=\"150\" height=\"150\" \/><\/a>februar 15.\u2013 19. 2015, od 19:09*\u00a0<strong>(FM razstava)<\/strong><br \/>\n<strong>radioCona FM 88.8MHz<\/strong>, Ljubljana in\u00a0<strong>stream.<\/strong><br \/>\n<a href=\"http:\/\/www.radiocona.si\/wp-content\/uploads\/2015\/01\/druga-stran_FIN.pdf\">radioCona broadcast program<\/a>e (pdf)<br \/>\n<a href=\"http:\/\/www.radiocona.si\/wp-content\/uploads\/2015\/01\/ZIMAfm_ARTISTS_WORKS.pdf\">radioCona:ZimaFM artists and their works<\/a>\u00a0(pdf)\u00a0info v angl<br \/>\n<strong>radioCona ListeningHUB: Pritli\u010dje<\/strong><br \/>\npon. 16. &#8211; \u010detrtek 19.2., 2015,\u00a0\u00a09:00 &#8211; 1:00<br \/>\nPritli\u010dje, Mestni trg 2, Ljubljana, Slovenia<\/p>\n<p>performansi:<br \/>\n<strong>Simon Macuh\u00a0<\/strong><em>Huuuuummm &#8211; ples za tri piramide<\/em><strong>\u00a0<\/strong><br \/>\nsreda 18. 2 2015, ob 22.00,\u00a0pred Pritli\u010djem in na radioCona<\/p>\n<div><strong>Robertina S\u030cebljanic\u030c<\/strong> <em>Eleonore reminiscence,<\/em><br \/>\n<strong>Petra Kaps\u030c (OR Poiesis)\u00a0<\/strong><em>Uho v vrtovih tis\u030cin, stranske ulice, <\/em><br \/>\n<strong>Kikiriki\u00a0<\/strong><strong>(Nina F)<\/strong> <em>Roj<\/em>,<br \/>\n<strong>Miha Ciglar<\/strong> <em>Virtual Sources<\/em><br \/>\n<strong>Marko Batista\u00a0<\/strong><em>Untitled:Element.14,<\/em><br \/>\n<strong>Jeff Kolar<\/strong> Remote Control<br \/>\n\u010detrtek, 19.2., 2015, ob 19.19\u00a0(CET\/UTC+1)<br \/>\nPritli\u010dje in radioCona FM 88.8MHz in stream<\/div>\n<div><\/div>\n<div>*radioCona se bo pet dni zapored vklopila natan\u010dno ob \u010dasu, ko nastopi no\u010d. To je \u010das, ko v atmosferi ni ve\u010d sipne son\u010dne svetlobe, ko je Sonce 18 stopinj ali ve\u010d pod obzorjem.<\/div>\n<div>\n<p><strong>umetniki<\/strong>: \u00a0Kathy Kennedy, Ethan Rose, prOphecy sun, Maria Papadomanolaki, Timo Kahlen, Ludwig Berger, Andrea Cohen and Wiska Radkiewicz, Andrea Parkins, Diogo Alvim, Fergus Kelly, Juan Cantizzani, Pablo Sanz, Kevin Logan, Mari Ohno, Melissa Deerson, Miguel Negra\u0303o, Monty Adkins, Barry Truax, Stephane Claude, NRRF, C-Drik, Vasja Progar, Marko Trstenjak, Niklas Meier, IO.SOUND, Jeff Kolar, Hugo Paquete, Joseph Kramer, Anastasya Koshkin, Andre\u0301a Marsolais-Roy, raxil4 + his Namelessness Is Legion, Vacuamoenia, Mario Gauthier, HMBKR, Andrej Hrvatin, Julian Scordato, Dan Tapper, Billy Gomberg, Scott Sherk, Camilla Hannan, Christopher Wood, Farah Mulla, Ghost Imbiss, Hildegard Westerkamp, Brona Martin, Sam Salem, Steve Brandley, METASITU, Randolph Jordan, Jeff Gburek, James Chinneck, Peter Courtemen, Robertina \u0160ebljani\u010d, Petra Kap\u0161 (OR poiesis), Kikiriki (Nina F), Miha Ciglar, Marko Batista, Simon Macuh, Monty Adkins, Pali Meursault, Luke Munn, Jason Bolte, Calver Audain, Jordan Lacey, Brane Zorman, Emilie Mouchous &amp; Andrea-Jane Cornell, Liam Slevin, Bethan Parkes, Jeremiah Moore, Pablo Sanz, Pete Stollery, Robin Parmar, Anna Friz<\/p>\n<p><strong>kuratorji<\/strong>: Jeff Kolar,\u00a0Jasmina Zaloz\u030cnik, Brane Zorman,\u00a0Irena Pivka<\/p>\n<p><!--more--><\/p>\n<p><a href=\"http:\/\/www.radiocona.si\/archives\/6842\"><img decoding=\"async\" loading=\"lazy\" class=\"alignleft size-thumbnail wp-image-6874\" src=\"http:\/\/www.radiocona.si\/wp-content\/uploads\/2015\/01\/IMG_4151_M_FB-150x150.jpg\" alt=\"IMG_4151_M_FB\" width=\"150\" height=\"150\" \/><\/a>o\u00a0<strong>radioCona:ZimaFM<\/strong><\/p>\n<p>Petdnevno oddajanje <em>radioCona:Zima FM <\/em>nadaljuje in nadgrajuje izpostavljene parametre radiaCone, pri \u010demer poudarja dimenzijo no\u010dnega radijskega oddajanja. Poigrava se z idejo izostrenega percipiranja, ki je mogo\u010de le \u0161e z odmikom od dnevnega ritma, zaznamovanega z ve\u010dfunkcionalno hiper-vpetostjo. Zima, asociativno povezana s ti\u0161ino in mirovanjem, oblikuje krovno programsko shemo, a jo hkrati lomi in premi\u0161ljuje na razli\u010dnih ravneh.<\/p>\n<p>Kuratorski nabor <em>radioCona:ZimaFM <\/em>se dotika \u0161tevilnih plasti, ki jih koncept zime metafori\u010dno proizvaja. V \u017eivljenjskih pogojih, ki niso vezani na letne cikle in niso podrejeni njihovemu ritmu, se spokojnost v grobem ohranja le v tistem delu dneva, ko se dan prevesi v no\u010d. Neko\u010d so si ljudje ob ognju pripovedovali zgodbe. Sedaj vas vabimo, da se z nami potopite v svet zvoka. Zvok ima mo\u010d, da spro\u017ei \u00bb\u010dutila, ki obudijo spomin na nek drug \u010das in prostor\u00ab<\/p>\n<p><em>radioCona:ZimaFM <\/em>poslu\u0161alca vabi, da prisluhne no\u010dnemu zvoku prostora oddaljene krajine, ki lahko postane tako blizu, tako vidna in otipljiva.<\/p>\n<p>Kuratorski izbor <em>radioCona:ZimaFM <\/em>je sestavljen iz nabora Conine produkcije doma\u010dih in tujih avtorjev. Vklju\u010duje izbor oddajanja radioCone <em>REuseCITY:REuseRADIO<\/em> 2014 kuratorjev Anne Friz, Braneta Zormana, Jasmine Zalo\u017enik in Irene Pivka, izbor epizod umetni\u0161ke platforme <em>Radius<\/em> kuratorja Jeffa Kolarja ter retransmisijo zvo\u010dnih del umetnikov, izbranih za Listening room festivala <em>Invisible Places, Sounding Cities, <\/em>Viseu, Portugalska 2014 kuratorice Raquel Castro.<\/p>\n<p>&nbsp;<\/p>\n<\/div>\n","protected":false},"excerpt":{"rendered":"<p>februar 15.\u2013 19. 2015, od 19:09*\u00a0(FM razstava) radioCona FM 88.8MHz, Ljubljana in\u00a0stream. radioCona broadcast programe (pdf) radioCona:ZimaFM artists and their works\u00a0(pdf)\u00a0info v angl radioCona ListeningHUB: Pritli\u010dje pon. 16. &#8211; \u010detrtek 19.2., 2015,\u00a0\u00a09:00 &#8211; 1:00 Pritli\u010dje, Mestni trg 2, Ljubljana, Slovenia performansi: Simon Macuh\u00a0Huuuuummm &#8211; ples za tri piramide\u00a0 sreda 18. 2 2015, ob 22.00,\u00a0pred Pritli\u010djem [&hellip;]<\/p>\n","protected":false},"author":3,"featured_media":0,"comment_status":"closed","ping_status":"closed","sticky":false,"template":"","format":"standard","meta":{"_mi_skip_tracking":false,"_monsterinsights_sitenote_active":false,"_monsterinsights_sitenote_note":"","_monsterinsights_sitenote_category":0},"categories":[4],"tags":[],"_links":{"self":[{"href":"https:\/\/www.radiocona.si\/slo\/wp-json\/wp\/v2\/posts\/29"}],"collection":[{"href":"https:\/\/www.radiocona.si\/slo\/wp-json\/wp\/v2\/posts"}],"about":[{"href":"https:\/\/www.radiocona.si\/slo\/wp-json\/wp\/v2\/types\/post"}],"author":[{"embeddable":true,"href":"https:\/\/www.radiocona.si\/slo\/wp-json\/wp\/v2\/users\/3"}],"replies":[{"embeddable":true,"href":"https:\/\/www.radiocona.si\/slo\/wp-json\/wp\/v2\/comments?post=29"}],"version-history":[{"count":11,"href":"https:\/\/www.radiocona.si\/slo\/wp-json\/wp\/v2\/posts\/29\/revisions"}],"predecessor-version":[{"id":43,"href":"https:\/\/www.radiocona.si\/slo\/wp-json\/wp\/v2\/posts\/29\/revisions\/43"}],"wp:attachment":[{"href":"https:\/\/www.radiocona.si\/slo\/wp-json\/wp\/v2\/media?parent=29"}],"wp:term":[{"taxonomy":"category","embeddable":true,"href":"https:\/\/www.radiocona.si\/slo\/wp-json\/wp\/v2\/categories?post=29"},{"taxonomy":"post_tag","embeddable":true,"href":"https:\/\/www.radiocona.si\/slo\/wp-json\/wp\/v2\/tags?post=29"}],"curies":[{"name":"wp","href":"https:\/\/api.w.org\/{rel}","templated":true}]}}