{"id":320,"date":"2016-11-24T14:53:24","date_gmt":"2016-11-24T13:53:24","guid":{"rendered":"http:\/\/www.radiocona.si\/slo\/?p=320"},"modified":"2017-01-06T10:05:37","modified_gmt":"2017-01-06T09:05:37","slug":"radioconawolfmoon","status":"publish","type":"post","link":"https:\/\/www.radiocona.si\/slo\/2016\/11\/24\/radioconawolfmoon\/","title":{"rendered":"radioCona:wolFMoon \/najava"},"content":{"rendered":"<div><a href=\"http:\/\/www.cona.si\/slo\/wp-content\/uploads\/sites\/2\/2016\/11\/luna.jpg\"><img decoding=\"async\" loading=\"lazy\" class=\"alignleft size-thumbnail wp-image-517\" src=\"http:\/\/www.cona.si\/slo\/wp-content\/uploads\/sites\/2\/2016\/11\/luna-150x150.jpg\" alt=\"luna\" width=\"150\" height=\"150\" \/><\/a><\/div>\n<div>Najavljamo prihajajo\u010do\u00a0<a href=\"http:\/\/www.radiocona.si\/\">radioCona <\/a>oddajanje, FM sound art razstavo z vzporednimi dogodki .<br \/>\npetek 12. &#8211; \u010detrtek 19. januar 2017<br \/>\nVsak ve\u010der od za\u010detka nauti\u010dnega mraka FM 88.8MHz in spletno oddajane.<br \/>\nProgram nastaja v sodelovanju s RTV Slo ARS program, Kino Siska in Botani\u010dni vrt Univerze v Ljubljani.<\/div>\n<div><\/div>\n<div>radioCona oddajanje se bo za\u010delo na polno luno imenovano Vo\u010dja luna.<\/div>\n","protected":false},"excerpt":{"rendered":"<p>Najavljamo prihajajo\u010do\u00a0radioCona oddajanje, FM sound art razstavo z vzporednimi dogodki . petek 12. &#8211; \u010detrtek 19. januar 2017 Vsak ve\u010der od za\u010detka nauti\u010dnega mraka FM 88.8MHz in spletno oddajane. Program nastaja v sodelovanju s RTV Slo ARS program, Kino Siska in Botani\u010dni vrt Univerze v Ljubljani. radioCona oddajanje se bo za\u010delo na polno luno imenovano [&hellip;]<\/p>\n","protected":false},"author":3,"featured_media":0,"comment_status":"closed","ping_status":"closed","sticky":false,"template":"","format":"standard","meta":{"_mi_skip_tracking":false,"_monsterinsights_sitenote_active":false,"_monsterinsights_sitenote_note":"","_monsterinsights_sitenote_category":0},"categories":[6,4],"tags":[],"_links":{"self":[{"href":"https:\/\/www.radiocona.si\/slo\/wp-json\/wp\/v2\/posts\/320"}],"collection":[{"href":"https:\/\/www.radiocona.si\/slo\/wp-json\/wp\/v2\/posts"}],"about":[{"href":"https:\/\/www.radiocona.si\/slo\/wp-json\/wp\/v2\/types\/post"}],"author":[{"embeddable":true,"href":"https:\/\/www.radiocona.si\/slo\/wp-json\/wp\/v2\/users\/3"}],"replies":[{"embeddable":true,"href":"https:\/\/www.radiocona.si\/slo\/wp-json\/wp\/v2\/comments?post=320"}],"version-history":[{"count":4,"href":"https:\/\/www.radiocona.si\/slo\/wp-json\/wp\/v2\/posts\/320\/revisions"}],"predecessor-version":[{"id":429,"href":"https:\/\/www.radiocona.si\/slo\/wp-json\/wp\/v2\/posts\/320\/revisions\/429"}],"wp:attachment":[{"href":"https:\/\/www.radiocona.si\/slo\/wp-json\/wp\/v2\/media?parent=320"}],"wp:term":[{"taxonomy":"category","embeddable":true,"href":"https:\/\/www.radiocona.si\/slo\/wp-json\/wp\/v2\/categories?post=320"},{"taxonomy":"post_tag","embeddable":true,"href":"https:\/\/www.radiocona.si\/slo\/wp-json\/wp\/v2\/tags?post=320"}],"curies":[{"name":"wp","href":"https:\/\/api.w.org\/{rel}","templated":true}]}}