{"id":356,"date":"2016-12-23T11:37:08","date_gmt":"2016-12-23T10:37:08","guid":{"rendered":"http:\/\/www.radiocona.si\/slo\/?p=356"},"modified":"2017-01-13T09:11:19","modified_gmt":"2017-01-13T08:11:19","slug":"radioconawolfmoon-2","status":"publish","type":"post","link":"https:\/\/www.radiocona.si\/slo\/2016\/12\/23\/radioconawolfmoon-2\/","title":{"rendered":"radioCona:wolFMoon"},"content":{"rendered":"<p><a href=\"http:\/\/www.radiocona.si\/slo\/radioconawolfmoon\/\"><img decoding=\"async\" loading=\"lazy\" class=\"alignleft size-thumbnail wp-image-355\" src=\"http:\/\/www.radiocona.si\/slo\/wp-content\/uploads\/sites\/3\/2016\/12\/RC_wolFMoon_1_mala-150x150.jpg\" alt=\"rc_wolfmoon_1_mala\" width=\"150\" height=\"150\" \/><\/a><a href=\"http:\/\/www.radiocona.si\/slo\/radioconawolfmoon\/\">radioCona:wolFMoon<\/a> FM razstava zvo\u010dnih del<br \/>\n12. \u2013 19. januarja 2017, vsak ve\u010der od 18:20 (UTC+1)<br \/>\nFM 88.8MHz in spletni prenos<\/p>\n<p>Z za\u010detkom FM oddajanja ob polni luni, imenovani vol\u010dja luna, se bo radioCona osem zaporednih no\u010di vklju\u010dila v \u010dasu, ko nastopi no\u010d.\u00a0Ve\u010d o <a href=\"http:\/\/www.radiocona.si\/slo\/radioconawolfmoon\/\">programu<\/a>.<\/p>\n<p><a href=\"http:\/\/www.radiocona.si\/slo\/premiere-works-radioconawojfmoon\/\">premierna dela<\/a>\u00a0umetnikov\u00a0Agapea, beepblip (Ida Hir\u0161enfelder), Andrej Hrvatin, Petra Kap\u0161 (alias OR poises), Borut Peternelj(Amper-o-mat), Roberina \u0160ebjani\u010d, Miha Tur\u0161i\u010d\/\u0160pela Petri\u010d, Tea Vidmar\/Ana Kravanja, Brane Zorman\/Maja Smrekar<\/p>\n<p>dogodki na lokacijah:<br \/>\n<a href=\"http:\/\/www.radiocona.si\/slo\/wolfmoon-uvertura\/?preview_id=399&amp;preview_nonce=f87f91d76b&amp;preview=true\" rel=\"attachment wp-att-358\"><img decoding=\"async\" loading=\"lazy\" class=\"alignleft wp-image-358\" src=\"http:\/\/www.radiocona.si\/slo\/wp-content\/uploads\/sites\/3\/2016\/12\/howling-wolf-brez-podlage_mala-150x150.jpg\" alt=\"howling-wolf-brez-podlage_mala\" width=\"76\" height=\"76\" srcset=\"https:\/\/www.radiocona.si\/slo\/wp-content\/uploads\/sites\/3\/2016\/12\/howling-wolf-brez-podlage_mala-150x150.jpg 150w, https:\/\/www.radiocona.si\/slo\/wp-content\/uploads\/sites\/3\/2016\/12\/howling-wolf-brez-podlage_mala-300x300.jpg 300w, https:\/\/www.radiocona.si\/slo\/wp-content\/uploads\/sites\/3\/2016\/12\/howling-wolf-brez-podlage_mala-768x768.jpg 768w, https:\/\/www.radiocona.si\/slo\/wp-content\/uploads\/sites\/3\/2016\/12\/howling-wolf-brez-podlage_mala-1024x1024.jpg 1024w, https:\/\/www.radiocona.si\/slo\/wp-content\/uploads\/sites\/3\/2016\/12\/howling-wolf-brez-podlage_mala.jpg 1920w\" sizes=\"(max-width: 76px) 100vw, 76px\" \/><\/a><a href=\"http:\/\/www.radiocona.si\/slo\/wolfmoon-uvertura\/\">wolFMoon uvertura<\/a><br \/>\npetek, 13.1. ob 18:00, Rastlinjak Tivoli<\/p>\n<p>&nbsp;<\/p>\n<p><strong><a href=\"http:\/\/www.radiocona.si\/slo\/sleep-koncert-zvo-ci-ti-so-und-ing-duo\/?preview_id=388&amp;preview_nonce=fb7c157452&amp;preview=true\" rel=\"attachment wp-att-370\"><img decoding=\"async\" loading=\"lazy\" class=\"alignleft wp-image-370\" src=\"http:\/\/www.radiocona.si\/slo\/wp-content\/uploads\/sites\/3\/2016\/12\/antena1-copy-1-mala-150x150.jpg\" alt=\"antena1-copy-1-mala\" width=\"80\" height=\"80\" \/><\/a><\/strong><a href=\"http:\/\/www.radiocona.si\/slo\/sleep-koncert-zvo-ci-ti-so-und-ing-duo\/\">Sleep koncer<\/a>t in <a href=\"http:\/\/www.cona.si\/slo\/zvo-ci-ti-so-und-ing-duo-cikel-2017\/\">ZVO.\u010cI.TI So.und.ingDUO<strong>\u00a0<\/strong><\/a><br \/>\ntorek 17.1 od 20.00, Kino \u0160i\u0161ka in na frekvencah radioCona in 3. program Radia Slovenija \u2013 program Ars in radioCona<br \/>\nvstop prost<\/p>\n<p>&nbsp;<\/p>\n","protected":false},"excerpt":{"rendered":"<p>radioCona:wolFMoon FM razstava zvo\u010dnih del 12. \u2013 19. januarja 2017, vsak ve\u010der od 18:20 (UTC+1) FM 88.8MHz in spletni prenos Z za\u010detkom FM oddajanja ob polni luni, imenovani vol\u010dja luna, se bo radioCona osem zaporednih no\u010di vklju\u010dila v \u010dasu, ko nastopi no\u010d.\u00a0Ve\u010d o programu. premierna dela\u00a0umetnikov\u00a0Agapea, beepblip (Ida Hir\u0161enfelder), Andrej Hrvatin, Petra Kap\u0161 (alias OR [&hellip;]<\/p>\n","protected":false},"author":3,"featured_media":0,"comment_status":"closed","ping_status":"closed","sticky":false,"template":"","format":"standard","meta":{"_mi_skip_tracking":false,"_monsterinsights_sitenote_active":false,"_monsterinsights_sitenote_note":"","_monsterinsights_sitenote_category":0},"categories":[4],"tags":[],"_links":{"self":[{"href":"https:\/\/www.radiocona.si\/slo\/wp-json\/wp\/v2\/posts\/356"}],"collection":[{"href":"https:\/\/www.radiocona.si\/slo\/wp-json\/wp\/v2\/posts"}],"about":[{"href":"https:\/\/www.radiocona.si\/slo\/wp-json\/wp\/v2\/types\/post"}],"author":[{"embeddable":true,"href":"https:\/\/www.radiocona.si\/slo\/wp-json\/wp\/v2\/users\/3"}],"replies":[{"embeddable":true,"href":"https:\/\/www.radiocona.si\/slo\/wp-json\/wp\/v2\/comments?post=356"}],"version-history":[{"count":45,"href":"https:\/\/www.radiocona.si\/slo\/wp-json\/wp\/v2\/posts\/356\/revisions"}],"predecessor-version":[{"id":542,"href":"https:\/\/www.radiocona.si\/slo\/wp-json\/wp\/v2\/posts\/356\/revisions\/542"}],"wp:attachment":[{"href":"https:\/\/www.radiocona.si\/slo\/wp-json\/wp\/v2\/media?parent=356"}],"wp:term":[{"taxonomy":"category","embeddable":true,"href":"https:\/\/www.radiocona.si\/slo\/wp-json\/wp\/v2\/categories?post=356"},{"taxonomy":"post_tag","embeddable":true,"href":"https:\/\/www.radiocona.si\/slo\/wp-json\/wp\/v2\/tags?post=356"}],"curies":[{"name":"wp","href":"https:\/\/api.w.org\/{rel}","templated":true}]}}