{"id":59,"date":"2015-04-20T09:31:55","date_gmt":"2015-04-20T07:31:55","guid":{"rendered":"http:\/\/www.radiocona.si\/slo\/?p=59"},"modified":"2016-02-23T11:38:03","modified_gmt":"2016-02-23T10:38:03","slug":"radiocona-soundcampreveil","status":"publish","type":"post","link":"https:\/\/www.radiocona.si\/slo\/2015\/04\/20\/radiocona-soundcampreveil\/","title":{"rendered":"radioCona: soundCamp\/Reveil"},"content":{"rendered":"<p><a href=\"http:\/\/www.radiocona.si\/slo\/2015\/04\/20\/radiocona-soundcampreveil\/\"><img decoding=\"async\" loading=\"lazy\" class=\"alignleft size-thumbnail wp-image-6934\" src=\"http:\/\/www.radiocona.si\/wp-content\/uploads\/2015\/04\/RCsoundCamp-mala-150x150.jpg\" alt=\"RCsoundCamp mala\" width=\"150\" height=\"150\" \/><\/a>sobota 2.maj (16:00) &#8211; nedelja 3.maj (6:00) 2015<br \/>\n<strong><a href=\"http:\/\/www.radiocona.si\/\">radioCona<\/a>\u00a0<\/strong>in\u00a0<strong><a href=\"http:\/\/www.ksevt.eu\/2015\/\">KSEVT<\/a>,\u00a0<\/strong>Vitanje<\/p>\n<p><a href=\"http:\/\/comm.free103point9.org:8000\/reveil.mp3\">Reveil\/Soundcamp spletni prenos<\/a>: 2. maj od 5:00 do 3. maja ob 6:00 (UTC+1)<br \/>\n<a href=\"http:\/\/www.soundtent.org\/2015\/schedule.html\">Reveil razpored<\/a><\/p>\n<p>radioCona pridru\u017euje projektu <a href=\"http:\/\/soundtent.org\/soundcamp_reveil.html\">Reveil<\/a>, angle\u0161ke umetni\u0161ke organizacije <a href=\"http:\/\/soundtent.org\/\">soundCamp<\/a> pri celodnevdnem oddajanju, ki zvezno od mikrofona do mikrofona ob jutranjem svitu potuje po celotni zemeljski obli.<\/p>\n<p><a href=\"http:\/\/www.radiocona.si\/slo\/wp-content\/uploads\/sites\/3\/2015\/04\/IMG_5179.jpg\"><img decoding=\"async\" loading=\"lazy\" class=\"alignleft size-thumbnail wp-image-81\" src=\"http:\/\/www.radiocona.si\/slo\/wp-content\/uploads\/sites\/3\/2015\/04\/IMG_5179-150x150.jpg\" alt=\"IMG_5179\" width=\"150\" height=\"150\" \/><\/a> <a href=\"http:\/\/www.radiocona.si\/slo\/wp-content\/uploads\/sites\/3\/2015\/04\/IMG_5186.jpg\"><img decoding=\"async\" loading=\"lazy\" class=\"alignleft size-thumbnail wp-image-82\" src=\"http:\/\/www.radiocona.si\/slo\/wp-content\/uploads\/sites\/3\/2015\/04\/IMG_5186-150x150.jpg\" alt=\"IMG_5186\" width=\"150\" height=\"150\" \/><\/a> <a href=\"http:\/\/www.radiocona.si\/slo\/wp-content\/uploads\/sites\/3\/2015\/04\/IMG_5190.jpg\"><img decoding=\"async\" loading=\"lazy\" class=\"alignleft size-thumbnail wp-image-83\" src=\"http:\/\/www.radiocona.si\/slo\/wp-content\/uploads\/sites\/3\/2015\/04\/IMG_5190-150x150.jpg\" alt=\"IMG_5190\" width=\"150\" height=\"150\" \/><\/a> <a href=\"http:\/\/www.radiocona.si\/slo\/wp-content\/uploads\/sites\/3\/2015\/04\/IMG_5197.jpg\"><img decoding=\"async\" loading=\"lazy\" class=\"alignleft size-thumbnail wp-image-84\" src=\"http:\/\/www.radiocona.si\/slo\/wp-content\/uploads\/sites\/3\/2015\/04\/IMG_5197-150x150.jpg\" alt=\"IMG_5197\" width=\"150\" height=\"150\" \/><\/a><\/p>\n<p>&nbsp;<\/p>\n<p>&nbsp;<\/p>\n<p>&nbsp;<\/p>\n<p><strong><a href=\"http:\/\/www.radiocona.si\/slo\/wp-content\/uploads\/sites\/3\/2015\/04\/IMG_5132.jpg\"><img decoding=\"async\" loading=\"lazy\" class=\"alignleft size-thumbnail wp-image-86\" src=\"http:\/\/www.radiocona.si\/slo\/wp-content\/uploads\/sites\/3\/2015\/04\/IMG_5132-150x150.jpg\" alt=\"IMG_5132\" width=\"150\" height=\"150\" \/><\/a> <a href=\"http:\/\/www.radiocona.si\/slo\/wp-content\/uploads\/sites\/3\/2015\/04\/IMG_51901.jpg\"><img decoding=\"async\" loading=\"lazy\" class=\"alignleft size-thumbnail wp-image-87\" src=\"http:\/\/www.radiocona.si\/slo\/wp-content\/uploads\/sites\/3\/2015\/04\/IMG_51901-150x150.jpg\" alt=\"IMG_5190\" width=\"150\" height=\"150\" \/><\/a>radioCona postavlja enodnevni soundCamp na strehi KSEVTa, kjer bo mogo\u010de v \u017eivo poslu\u0161ati prebujanje na\u0161ega planeta.\u00a0<\/strong>Natan\u010dno ob 5:46, v nedeljo 3. maja, pa se ob jutranjem svitu radioCona neposredno iz Vitanj vklju\u010dila v svetovno mre\u017eno oddajanje.<\/p>\n<p>radioCona in-situ poslu\u0161alnica (od sobote 16:00 do nedelje 6:00)<br \/>\nradioCona live stream: (nedelja ob 5:46)<\/p>\n<p><!--more--><\/p>\n<p>soundCamp\/Reveil je 24 ur oddajane v \u017eivo, zvokov jutranjega svita, realiziran z globalno mre\u017eo umetnikov, spletnih oddajanj, z zvoki spletnih kamer, meteorolo\u0161kih observatorijev in neodvisnih kanalov. Preme\u0161\u010den iz soundCampa v bli\u017eini Greenwich meridiana, kjer se oddajanje za\u010dne in kon\u010da, preko globalne mre\u017ee lokalnih FM in spletnih radijskih postaj, soundCamp\/Reveil potuje zahodno od mikrofona do mikrofona v neprekinjenem neposrednem prenos, ki traja en cel zemlejski dan.<\/p>\n<p>Naslov: KSEVT, Kulturno sredi\u0161\u010de evropskih vesoljskih tehnologij<br \/>\nNa vasi 18, 3205 Vitanje, Slovenija (46.382441, 15.294798)<\/p>\n<p>avtorja: Brane Zorman, Irena Pivka<br \/>\nkordinatorica: Jasmina Zalo\u017enik, PR: Mojca Zupani\u010d,<br \/>\ntehnik: Marko Trstenjak, Brane Zorman<br \/>\nprodukcija: CONA zavod za procesiranje sodobne umetnosti<br \/>\nPartner: KSEVT Kulturno sredi\u0161\u010de evropskih vesoljskih tehnologij<br \/>\nv sodelovanju s soundCamp<br \/>\nProgram CONA podpira MOL oddelek za kulturo<\/p>\n","protected":false},"excerpt":{"rendered":"<p>sobota 2.maj (16:00) &#8211; nedelja 3.maj (6:00) 2015 radioCona\u00a0in\u00a0KSEVT,\u00a0Vitanje Reveil\/Soundcamp spletni prenos: 2. maj od 5:00 do 3. maja ob 6:00 (UTC+1) Reveil razpored radioCona pridru\u017euje projektu Reveil, angle\u0161ke umetni\u0161ke organizacije soundCamp pri celodnevdnem oddajanju, ki zvezno od mikrofona do mikrofona ob jutranjem svitu potuje po celotni zemeljski obli. &nbsp; &nbsp; &nbsp; radioCona postavlja enodnevni [&hellip;]<\/p>\n","protected":false},"author":3,"featured_media":0,"comment_status":"closed","ping_status":"closed","sticky":false,"template":"","format":"standard","meta":{"_mi_skip_tracking":false,"_monsterinsights_sitenote_active":false,"_monsterinsights_sitenote_note":"","_monsterinsights_sitenote_category":0},"categories":[6],"tags":[],"_links":{"self":[{"href":"https:\/\/www.radiocona.si\/slo\/wp-json\/wp\/v2\/posts\/59"}],"collection":[{"href":"https:\/\/www.radiocona.si\/slo\/wp-json\/wp\/v2\/posts"}],"about":[{"href":"https:\/\/www.radiocona.si\/slo\/wp-json\/wp\/v2\/types\/post"}],"author":[{"embeddable":true,"href":"https:\/\/www.radiocona.si\/slo\/wp-json\/wp\/v2\/users\/3"}],"replies":[{"embeddable":true,"href":"https:\/\/www.radiocona.si\/slo\/wp-json\/wp\/v2\/comments?post=59"}],"version-history":[{"count":15,"href":"https:\/\/www.radiocona.si\/slo\/wp-json\/wp\/v2\/posts\/59\/revisions"}],"predecessor-version":[{"id":89,"href":"https:\/\/www.radiocona.si\/slo\/wp-json\/wp\/v2\/posts\/59\/revisions\/89"}],"wp:attachment":[{"href":"https:\/\/www.radiocona.si\/slo\/wp-json\/wp\/v2\/media?parent=59"}],"wp:term":[{"taxonomy":"category","embeddable":true,"href":"https:\/\/www.radiocona.si\/slo\/wp-json\/wp\/v2\/categories?post=59"},{"taxonomy":"post_tag","embeddable":true,"href":"https:\/\/www.radiocona.si\/slo\/wp-json\/wp\/v2\/tags?post=59"}],"curies":[{"name":"wp","href":"https:\/\/api.w.org\/{rel}","templated":true}]}}