{"id":639,"date":"2018-01-22T16:35:35","date_gmt":"2018-01-22T15:35:35","guid":{"rendered":"http:\/\/www.radiocona.si\/slo\/?p=639"},"modified":"2018-02-12T11:11:56","modified_gmt":"2018-02-12T10:11:56","slug":"radioconaicebreakerfm","status":"publish","type":"post","link":"https:\/\/www.radiocona.si\/slo\/2018\/01\/22\/radioconaicebreakerfm\/","title":{"rendered":"radioCona:ICEbreakerFM"},"content":{"rendered":"<p><strong><em><a href=\"http:\/\/www.radiocona.si\/slo\/radioconaicebreakerfm\/\"><img decoding=\"async\" loading=\"lazy\" class=\"alignleft size-thumbnail wp-image-615\" src=\"http:\/\/www.radiocona.si\/slo\/wp-content\/uploads\/sites\/3\/2018\/01\/bohinj1-mala-150x150.jpg\" alt=\"\" width=\"150\" height=\"150\" \/><\/a><\/em><\/strong><em><a href=\"http:\/\/www.radiocona.si\/slo\/radioconaicebreakerfm\/\">radioCona:ICEbreakerFM<\/a><\/em><br \/>\nFM razstava in dogodka<br \/>\nnedelja, 11.-\u010detrtek 15. feb,\u00a0FM 88.8MHz in spletni prenos<br \/>\nVsak dan to\u010dno ob navti\u010dnem mraku; od 18.28 dalje z enominutnim zamikom za vsak naslednji dan.<\/p>\n<p>Ve\u010d o <a href=\"http:\/\/www.radiocona.si\/slo\/radioconaice-breakerfm-fm-program\/\">FM\u00a0programu<\/a> in predstavljenih delih na povezavi\u00a0<em><a href=\"http:\/\/www.radiocona.si\/slo\/radioconaicebreakerfm\/\">radioCona:ICEbreakerFM<\/a><\/em><\/p>\n<p>Predstavljana bodo dela umetnikov: Amper-o-mat, Marko Batista, beepblip, Ali Bramwell, \u0160pela Drnov\u0161ek, Anna Friz, Andrej Hrvatin, Gregor Kamnikar, Kathy Kennedy, Jeff Kolar, Konrad Korabiewski, Kikiriki, Volkmar Klien, Andra\u017e Magajna, Simon Macuh, Udo Noll, OR poiesis, Maja Osojnik, Maria Papadomanolaki, Ronald Panza, Bo\u0161tjan Perov\u0161ek, Vasja Progar, Daniel Premec, Irena Pivka, Alenka Pirman, Sa\u0161a Rakef, Mili Sefi\u0107, Maja Smrekar, Sa\u0161a Spa\u010dal (Agapea), Dejan Srhoj, Bojana \u0160alji\u010d Pode\u0161va, Robertina \u0160ebjani\u010d, Igor \u0160tromajer, Jan Turk, Jasmina Zalo\u017enik, Brane Zorman.<br \/>\nFM razstavo kurirajo: Petra Kap\u0161, Irena Pivka, Jasmina Zalo\u017enik in Brane Zorman<\/p>\n<p><em><span style=\"font-size: 12.0pt; font-family: Georgia; color: #333333;\"><a href=\"http:\/\/www.radiocona.si\/slo\/pregon-zime\/\" target=\"_blank\" rel=\"attachment wp-att-629 noopener noreferrer\"><img decoding=\"async\" loading=\"lazy\" class=\"alignleft size-thumbnail wp-image-629\" src=\"http:\/\/www.radiocona.si\/slo\/wp-content\/uploads\/sites\/3\/2018\/01\/pregon-zime_Cona_mala-150x150.jpg\" alt=\"\" width=\"150\" height=\"150\" \/><\/a><\/span><\/em><\/p>\n<p>&nbsp;<\/p>\n<p>Izpostavljamo\u00a0celove\u010derni koncertni dogodek:<br \/>\n<em><a href=\"http:\/\/www.radiocona.si\/slo\/pregon-zime\/\" target=\"_blank\" rel=\"noopener noreferrer\">Pre:gon zime<\/a><\/em><br \/>\ntorek, 13. feb., 20.00\u201322.00<br \/>\n<a href=\"http:\/\/www.kinosiska.si\/dogodek\/pregon-zime\/\">Kino \u0160i\u0161ka<\/a>, dvorana Komuna<br \/>\nradioCona 88.8\u00a0MHz in Radio \u0160tudent 89.3\u00a0MHz<\/p>\n<p>&nbsp;<\/p>\n<p>&nbsp;<\/p>\n","protected":false},"excerpt":{"rendered":"<p>radioCona:ICEbreakerFM FM razstava in dogodka nedelja, 11.-\u010detrtek 15. feb,\u00a0FM 88.8MHz in spletni prenos Vsak dan to\u010dno ob navti\u010dnem mraku; od 18.28 dalje z enominutnim zamikom za vsak naslednji dan. Ve\u010d o FM\u00a0programu in predstavljenih delih na povezavi\u00a0radioCona:ICEbreakerFM Predstavljana bodo dela umetnikov: Amper-o-mat, Marko Batista, beepblip, Ali Bramwell, \u0160pela Drnov\u0161ek, Anna Friz, Andrej Hrvatin, Gregor Kamnikar, [&hellip;]<\/p>\n","protected":false},"author":3,"featured_media":0,"comment_status":"closed","ping_status":"closed","sticky":false,"template":"","format":"standard","meta":{"_mi_skip_tracking":false,"_monsterinsights_sitenote_active":false,"_monsterinsights_sitenote_note":"","_monsterinsights_sitenote_category":0},"categories":[6,4],"tags":[],"_links":{"self":[{"href":"https:\/\/www.radiocona.si\/slo\/wp-json\/wp\/v2\/posts\/639"}],"collection":[{"href":"https:\/\/www.radiocona.si\/slo\/wp-json\/wp\/v2\/posts"}],"about":[{"href":"https:\/\/www.radiocona.si\/slo\/wp-json\/wp\/v2\/types\/post"}],"author":[{"embeddable":true,"href":"https:\/\/www.radiocona.si\/slo\/wp-json\/wp\/v2\/users\/3"}],"replies":[{"embeddable":true,"href":"https:\/\/www.radiocona.si\/slo\/wp-json\/wp\/v2\/comments?post=639"}],"version-history":[{"count":30,"href":"https:\/\/www.radiocona.si\/slo\/wp-json\/wp\/v2\/posts\/639\/revisions"}],"predecessor-version":[{"id":782,"href":"https:\/\/www.radiocona.si\/slo\/wp-json\/wp\/v2\/posts\/639\/revisions\/782"}],"wp:attachment":[{"href":"https:\/\/www.radiocona.si\/slo\/wp-json\/wp\/v2\/media?parent=639"}],"wp:term":[{"taxonomy":"category","embeddable":true,"href":"https:\/\/www.radiocona.si\/slo\/wp-json\/wp\/v2\/categories?post=639"},{"taxonomy":"post_tag","embeddable":true,"href":"https:\/\/www.radiocona.si\/slo\/wp-json\/wp\/v2\/tags?post=639"}],"curies":[{"name":"wp","href":"https:\/\/api.w.org\/{rel}","templated":true}]}}