{"id":810,"date":"2019-04-24T09:30:23","date_gmt":"2019-04-24T07:30:23","guid":{"rendered":"http:\/\/www.radiocona.si\/slo\/?p=810"},"modified":"2019-04-24T09:30:53","modified_gmt":"2019-04-24T07:30:53","slug":"radiocona-soundcamp-2019","status":"publish","type":"post","link":"https:\/\/www.radiocona.si\/slo\/2019\/04\/24\/radiocona-soundcamp-2019\/","title":{"rendered":"radioCona: soundcamp 2019"},"content":{"rendered":"<p><a href=\"http:\/\/www.radiocona.si\/blog\/2019\/04\/24\/radiocona-soundcamp-2019\/cerknica_bojan-pivka\/\" rel=\"attachment wp-att-7604\"><img decoding=\"async\" loading=\"lazy\" class=\"alignleft size-thumbnail wp-image-7604\" src=\"http:\/\/www.radiocona.si\/wp-content\/uploads\/2019\/04\/cerknica_Bojan-Pivka-150x150.jpg\" alt=\"\" width=\"150\" height=\"150\" \/><\/a><\/p>\n<p><em><strong>Ob zori s pticami, ob mraku z netopirji<\/strong><\/em><br \/>\nspletni performans in dogodki<\/p>\n<p>24-urno spletno poslu\u0161anje oddajanja v \u017eivo na platformi <a href=\"http:\/\/soundtent.org\/\">REVEIL<\/a><br \/>\nOd sobote, 4. maja, od 5.00 zjutraj, do nedelje, 5. maja, 6.00 zjutraj (po srednjeevropskem \u010dasu) 2019<\/p>\n<p>Sobota, 4. maj:<br \/>\n11.00 \u2013 22.00, poslu\u0161alnica spletnega prenosa Reveil v galeriji\u00a0<em>Steklenik<\/em><br \/>\n18.00 in 19.00, botani\u010dno vodstvo po Rastlinjaku Tivoli<br \/>\n20.00\u00a0<a href=\"http:\/\/www.steklenik.si\/maja-zagmajster-ob-mraku-z-netopirji\/\">Maja Zagmeister: Sli\u0161ati netopirje<\/a>\u00a0(delavnica s SDPVN)<br \/>\nNedelja, 5. maj:<br \/>\nob 5.00,\u00a0<a href=\"http:\/\/www.radiocona.si\/\">radioCona<\/a>: spletni prenos v \u017eivo iz Cerkni\u0161kega jezera,\u00a0<a href=\"https:\/\/www.notranjski-park.si\/\">Notranjski regijski park, Slovenija<\/a><\/p>\n<p>Tudi letos se Cona priklju\u010duje \u0161esti ediciji mednarodnega projekta\u00a0<a href=\"http:\/\/soundtent.org\/\">Soundcamp\/Reveil<\/a>, 24-urnem prenosu, kjer umetniki preko odprtih mikrofonov v \u017eivo predvajajo zvoke iz narave, ki spremljajo zoro po celem svetu. V \u017eivo se prena\u0161a na mednarodni dan zbora zore (International Dawn Chorus Day) po mre\u017ei radijskih postaj in transmisijskih projektov.<\/p>\n<p>ve\u010d informacij\u00a0<a href=\"http:\/\/www.steklenik.si\/en\/home\/\">Steklenik<\/a><\/p>\n","protected":false},"excerpt":{"rendered":"<p>Ob zori s pticami, ob mraku z netopirji spletni performans in dogodki 24-urno spletno poslu\u0161anje oddajanja v \u017eivo na platformi REVEIL Od sobote, 4. maja, od 5.00 zjutraj, do nedelje, 5. maja, 6.00 zjutraj (po srednjeevropskem \u010dasu) 2019 Sobota, 4. maj: 11.00 \u2013 22.00, poslu\u0161alnica spletnega prenosa Reveil v galeriji\u00a0Steklenik 18.00 in 19.00, botani\u010dno vodstvo [&hellip;]<\/p>\n","protected":false},"author":3,"featured_media":0,"comment_status":"closed","ping_status":"closed","sticky":false,"template":"","format":"standard","meta":{"_mi_skip_tracking":false,"_monsterinsights_sitenote_active":false,"_monsterinsights_sitenote_note":"","_monsterinsights_sitenote_category":0},"categories":[6],"tags":[],"_links":{"self":[{"href":"https:\/\/www.radiocona.si\/slo\/wp-json\/wp\/v2\/posts\/810"}],"collection":[{"href":"https:\/\/www.radiocona.si\/slo\/wp-json\/wp\/v2\/posts"}],"about":[{"href":"https:\/\/www.radiocona.si\/slo\/wp-json\/wp\/v2\/types\/post"}],"author":[{"embeddable":true,"href":"https:\/\/www.radiocona.si\/slo\/wp-json\/wp\/v2\/users\/3"}],"replies":[{"embeddable":true,"href":"https:\/\/www.radiocona.si\/slo\/wp-json\/wp\/v2\/comments?post=810"}],"version-history":[{"count":1,"href":"https:\/\/www.radiocona.si\/slo\/wp-json\/wp\/v2\/posts\/810\/revisions"}],"predecessor-version":[{"id":811,"href":"https:\/\/www.radiocona.si\/slo\/wp-json\/wp\/v2\/posts\/810\/revisions\/811"}],"wp:attachment":[{"href":"https:\/\/www.radiocona.si\/slo\/wp-json\/wp\/v2\/media?parent=810"}],"wp:term":[{"taxonomy":"category","embeddable":true,"href":"https:\/\/www.radiocona.si\/slo\/wp-json\/wp\/v2\/categories?post=810"},{"taxonomy":"post_tag","embeddable":true,"href":"https:\/\/www.radiocona.si\/slo\/wp-json\/wp\/v2\/tags?post=810"}],"curies":[{"name":"wp","href":"https:\/\/api.w.org\/{rel}","templated":true}]}}